{"id":1270,"date":"2024-07-18T14:39:18","date_gmt":"2024-07-18T12:39:18","guid":{"rendered":"https:\/\/albooms.fr\/?p=1270"},"modified":"2024-07-19T08:17:44","modified_gmt":"2024-07-19T06:17:44","slug":"james-pillans-ou-ledtech-steampunk","status":"publish","type":"post","link":"https:\/\/albooms.fr\/?p=1270","title":{"rendered":"James PILLANS ou l&rsquo;EdTech Steampunk"},"content":{"rendered":"\n<p>Chaque formateur \u00ab\u00a0au num\u00e9rique\u00a0\u00bb devrait avoir consult\u00e9, au moins une fois, le livre de James PILLANS. Ce livre <em>The rationale of discipline as exemplified in the High school of Edinburgh<\/em> \u00e9crit en 1823 et paru en 1852 (<a href=\"https:\/\/archive.org\/details\/rationaleofdisci00pilluoft\/mode\/2up\" data-type=\"link\" data-id=\"https:\/\/archive.org\/details\/rationaleofdisci00pilluoft\/mode\/2up\">disponible ici<\/a>) montre, tout d&rsquo;abord, une des tr\u00e8s rares techniques \u00e9ducatives qui ont chang\u00e9 la fa\u00e7on de faire classe, le tableau noir. Il montre \u00e9galement, gr\u00e2ce au recul de 200 ans l&rsquo;enthousiasme un peu na\u00eff de ce que l&rsquo;on peut appeler de fa\u00e7on anachronique un prof geek.<\/p>\n\n\n\n<figure class=\"wp-block-image aligncenter size-full is-resized\"><img loading=\"lazy\" decoding=\"async\" width=\"600\" height=\"747\" src=\"https:\/\/albooms.fr\/wp-content\/uploads\/2024\/07\/133557.jpg\" alt=\"\" class=\"wp-image-1286\" style=\"width:600px;height:auto\" srcset=\"https:\/\/albooms.fr\/wp-content\/uploads\/2024\/07\/133557.jpg 600w, https:\/\/albooms.fr\/wp-content\/uploads\/2024\/07\/133557-241x300.jpg 241w\" sizes=\"auto, (max-width: 600px) 100vw, 600px\" \/><figcaption class=\"wp-element-caption\"><mark style=\"background-color:rgba(0, 0, 0, 0)\" class=\"has-inline-color has-custom-couleur-1-color\"><mark style=\"background-color:rgba(0, 0, 0, 0)\" class=\"has-inline-color has-custom-couleur-1-color\">Professor James Pillans, 1778 &#8211; 1864 &#8211; Photo James Good Tunny<\/mark><\/mark><\/figcaption><\/figure>\n\n\n\n<h6 class=\"wp-block-heading\">Ce que le tableau noir a fait \u00e0 la classe<\/h6>\n\n\n\n<p>Il existe un impact certain du tableau noir sur la fa\u00e7on de \u00ab\u00a0faire la classe\u00a0\u00bb. Avant le d\u00e9but du XVIIIe si\u00e8cle, la classe est organis\u00e9e autour du mod\u00e8le suivant. <\/p>\n\n\n\n<figure class=\"wp-block-image size-large\"><img loading=\"lazy\" decoding=\"async\" width=\"1024\" height=\"773\" src=\"https:\/\/albooms.fr\/wp-content\/uploads\/2024\/07\/web_BML_02EST01000F18BOI001451D15001F18B1B1-1024x773.jpg\" alt=\"\" class=\"wp-image-1272\" srcset=\"https:\/\/albooms.fr\/wp-content\/uploads\/2024\/07\/web_BML_02EST01000F18BOI001451D15001F18B1B1-1024x773.jpg 1024w, https:\/\/albooms.fr\/wp-content\/uploads\/2024\/07\/web_BML_02EST01000F18BOI001451D15001F18B1B1-300x226.jpg 300w, https:\/\/albooms.fr\/wp-content\/uploads\/2024\/07\/web_BML_02EST01000F18BOI001451D15001F18B1B1-768x580.jpg 768w, https:\/\/albooms.fr\/wp-content\/uploads\/2024\/07\/web_BML_02EST01000F18BOI001451D15001F18B1B1.jpg 1280w\" sizes=\"auto, (max-width: 1024px) 100vw, 1024px\" \/><figcaption class=\"wp-element-caption\"><em><mark style=\"background-color:rgba(0, 0, 0, 0)\" class=\"has-inline-color has-custom-couleur-1-color\">Le grand ma\u00eetre d&rsquo;\u00e9cole par Jean-Jacques de Boissieu, 1780<\/mark><\/em><\/figcaption><\/figure>\n\n\n\n<p>Un maitre (ou une maitresse) est install\u00e9 \u00e0 son pupitre et travaille individuellement avec un \u00e9l\u00e8ve, tandis que le groupe travaille de fa\u00e7on autonome sur des travaux qui seront contr\u00f4l\u00e9s tour \u00e0 tour  par le maitre. Cette fa\u00e7on de faire se retrouve ais\u00e9ment dans les repr\u00e9sentations de l&rsquo;\u00e9cole avant l&rsquo;arriv\u00e9e du tableau noir.<\/p>\n\n\n\n<figure class=\"wp-block-gallery has-nested-images columns-default is-cropped wp-block-gallery-1 is-layout-flex wp-block-gallery-is-layout-flex\">\n<figure class=\"wp-block-image size-large\"><img loading=\"lazy\" decoding=\"async\" width=\"857\" height=\"1024\" data-id=\"1273\" src=\"https:\/\/albooms.fr\/wp-content\/uploads\/2024\/07\/the-schoolmaster-857x1024.jpg\" alt=\"\" class=\"wp-image-1273\" srcset=\"https:\/\/albooms.fr\/wp-content\/uploads\/2024\/07\/the-schoolmaster-857x1024.jpg 857w, https:\/\/albooms.fr\/wp-content\/uploads\/2024\/07\/the-schoolmaster-251x300.jpg 251w, https:\/\/albooms.fr\/wp-content\/uploads\/2024\/07\/the-schoolmaster-768x918.jpg 768w, https:\/\/albooms.fr\/wp-content\/uploads\/2024\/07\/the-schoolmaster-1286x1536.jpg 1286w, https:\/\/albooms.fr\/wp-content\/uploads\/2024\/07\/the-schoolmaster.jpg 1576w\" sizes=\"auto, (max-width: 857px) 100vw, 857px\" \/><figcaption class=\"wp-element-caption\"><em><br>Le ma\u00eetre d\u2019\u00e9cole<\/em>. Adriaen van Ostade &nbsp;&#8211; 1662<\/figcaption><\/figure>\n\n\n\n<figure class=\"wp-block-image size-large\"><img loading=\"lazy\" decoding=\"async\" width=\"342\" height=\"371\" data-id=\"1274\" src=\"https:\/\/albooms.fr\/wp-content\/uploads\/2024\/07\/Capture-decran-2024-07-14-114346.png\" alt=\"\" class=\"wp-image-1274\" srcset=\"https:\/\/albooms.fr\/wp-content\/uploads\/2024\/07\/Capture-decran-2024-07-14-114346.png 342w, https:\/\/albooms.fr\/wp-content\/uploads\/2024\/07\/Capture-decran-2024-07-14-114346-277x300.png 277w\" sizes=\"auto, (max-width: 342px) 100vw, 342px\" \/><figcaption class=\"wp-element-caption\"><em>La Petite \u00e9cole.<\/em> Egbert van Heemskerck le Jeune &#8211; 1670<\/figcaption><\/figure>\n\n\n\n<figure class=\"wp-block-image size-large\"><img loading=\"lazy\" decoding=\"async\" width=\"800\" height=\"610\" data-id=\"1275\" src=\"https:\/\/albooms.fr\/wp-content\/uploads\/2024\/07\/3677359365.jpg\" alt=\"\" class=\"wp-image-1275\" srcset=\"https:\/\/albooms.fr\/wp-content\/uploads\/2024\/07\/3677359365.jpg 800w, https:\/\/albooms.fr\/wp-content\/uploads\/2024\/07\/3677359365-300x229.jpg 300w, https:\/\/albooms.fr\/wp-content\/uploads\/2024\/07\/3677359365-768x586.jpg 768w\" sizes=\"auto, (max-width: 800px) 100vw, 800px\" \/><figcaption class=\"wp-element-caption\"><em>A Village School. <\/em>William Bromley III (1815-1888) &#8211; sans date<\/figcaption><\/figure>\n<\/figure>\n\n\n\n<p>Avec le tableau noir, la classe change, elle s&rsquo;oriente progressivement vers un point d&rsquo;attention conjointe. La le\u00e7on devient de moins en moins une question d&rsquo;\u00e9change entre un \u00e9l\u00e8ve et le maitre. Le tableau devient le point vers lequel doit se tourner la classe. L&rsquo;illustration suivante montre bien la transition entre \u00ab\u00a0l&rsquo;ancien mod\u00e8le\u00a0\u00bb et le mod\u00e8le \u00ab\u00a0tableau-centr\u00e9\u00a0\u00bb et comment le tableau favorise une forme d&rsquo;enseignement dirig\u00e9 vers le groupe.<\/p>\n\n\n\n<figure class=\"wp-block-image aligncenter size-full\"><img loading=\"lazy\" decoding=\"async\" width=\"1280\" height=\"1015\" src=\"https:\/\/albooms.fr\/wp-content\/uploads\/2024\/07\/1280px-Johann_Peter_Hasenclever_-_Die_Dorfschule.jpg\" alt=\"\" class=\"wp-image-1278\" srcset=\"https:\/\/albooms.fr\/wp-content\/uploads\/2024\/07\/1280px-Johann_Peter_Hasenclever_-_Die_Dorfschule.jpg 1280w, https:\/\/albooms.fr\/wp-content\/uploads\/2024\/07\/1280px-Johann_Peter_Hasenclever_-_Die_Dorfschule-300x238.jpg 300w, https:\/\/albooms.fr\/wp-content\/uploads\/2024\/07\/1280px-Johann_Peter_Hasenclever_-_Die_Dorfschule-1024x812.jpg 1024w, https:\/\/albooms.fr\/wp-content\/uploads\/2024\/07\/1280px-Johann_Peter_Hasenclever_-_Die_Dorfschule-768x609.jpg 768w\" sizes=\"auto, (max-width: 1280px) 100vw, 1280px\" \/><figcaption class=\"wp-element-caption\"><mark style=\"background-color:rgba(0, 0, 0, 0)\" class=\"has-inline-color has-custom-couleur-1-color\"><em>The village schoolhouse<\/em>. Johann Peter Hasenclever &#8211; 1845<\/mark><\/figcaption><\/figure>\n\n\n\n<p>La peinture du XIXe nous montre toute une s\u00e9rie de formes transitoire entre ces deux mod\u00e8les, mais le d\u00e9but du XXe si\u00e8cle stabilisera le mod\u00e8le collectif autour du tableau. Bien s\u00fbr, le tableau n&rsquo;est pas responsable \u00e0 lui seul de cette centration sur l&rsquo;enseignant. D&rsquo;autres facteurs sont \u00e9galement \u00e0 prendre en compte comme les r\u00e9formes Ferry en France, les impressions de posters \u00e9ducatifs et de cartes, l&rsquo;apparition des estrades, le remplacement progressif du pupitre du maitre par un bureau. Toutefois, cette synergie n&rsquo;aurait sans doute pas \u00e9t\u00e9 possible sans l&rsquo;apparition d&rsquo;un support d&rsquo;\u00e9criture du maitre \u00e0 destination du collectif de classe.<\/p>\n\n\n\n<figure class=\"wp-block-image size-full\"><img loading=\"lazy\" decoding=\"async\" width=\"1600\" height=\"1067\" src=\"https:\/\/albooms.fr\/wp-content\/uploads\/2024\/07\/large.jpg\" alt=\"\" class=\"wp-image-1280\" srcset=\"https:\/\/albooms.fr\/wp-content\/uploads\/2024\/07\/large.jpg 1600w, https:\/\/albooms.fr\/wp-content\/uploads\/2024\/07\/large-300x200.jpg 300w, https:\/\/albooms.fr\/wp-content\/uploads\/2024\/07\/large-1024x683.jpg 1024w, https:\/\/albooms.fr\/wp-content\/uploads\/2024\/07\/large-768x512.jpg 768w, https:\/\/albooms.fr\/wp-content\/uploads\/2024\/07\/large-1536x1024.jpg 1536w\" sizes=\"auto, (max-width: 1600px) 100vw, 1600px\" \/><figcaption class=\"wp-element-caption\"><mark style=\"background-color:rgba(0, 0, 0, 0)\" class=\"has-inline-color has-custom-couleur-1-color\">Une classe en 1900 &#8211; on peut remarquer la classe en autobus, orient\u00e9e vers les m\u00e9dias de la classe tableau et affiches<\/mark><\/figcaption><\/figure>\n\n\n\n<p>On peut remarquer que ce mod\u00e8le perdure aujourd&rsquo;hui, malgr\u00e9 l&rsquo;introduction de nouveaux artefacts, puisque le mod\u00e8le de l&rsquo;enseignement autour d&rsquo;un point d&rsquo;attention conjointe n&rsquo;est pas remis en cause. En effet, tant que l&rsquo;enseignant est consid\u00e9r\u00e9 comme le \u00ab\u00a0centre\u00a0\u00bb de la classe, il n&rsquo;y a aucune raison que les classes s&rsquo;organisent autrement qu&rsquo;autour de ce centre de gravit\u00e9.<\/p>\n\n\n\n<figure class=\"wp-block-gallery has-nested-images columns-default is-cropped wp-block-gallery-2 is-layout-flex wp-block-gallery-is-layout-flex\">\n<figure class=\"wp-block-image size-full\"><img loading=\"lazy\" decoding=\"async\" width=\"288\" height=\"166\" data-id=\"1282\" src=\"https:\/\/albooms.fr\/wp-content\/uploads\/2024\/07\/Image7-1.jpg\" alt=\"\" class=\"wp-image-1282\"\/><figcaption class=\"wp-element-caption\"><mark style=\"background-color:rgba(0, 0, 0, 0)\" class=\"has-inline-color has-custom-couleur-1-color\">New York Institute of Technology &#8211; 1950<\/mark><\/figcaption><\/figure>\n\n\n\n<figure class=\"wp-block-image size-large\"><img loading=\"lazy\" decoding=\"async\" width=\"360\" height=\"203\" data-id=\"1283\" src=\"https:\/\/albooms.fr\/wp-content\/uploads\/2024\/07\/Fct6wSpXwAEpwsg.png\" alt=\"\" class=\"wp-image-1283\" srcset=\"https:\/\/albooms.fr\/wp-content\/uploads\/2024\/07\/Fct6wSpXwAEpwsg.png 360w, https:\/\/albooms.fr\/wp-content\/uploads\/2024\/07\/Fct6wSpXwAEpwsg-300x169.png 300w\" sizes=\"auto, (max-width: 360px) 100vw, 360px\" \/><figcaption class=\"wp-element-caption\"><br>T\u00e9l\u00e9diffusion de cours &#8211; 1960<\/figcaption><\/figure>\n\n\n\n<figure class=\"wp-block-image size-large\"><img loading=\"lazy\" decoding=\"async\" width=\"713\" height=\"510\" data-id=\"1284\" src=\"https:\/\/albooms.fr\/wp-content\/uploads\/2024\/07\/Image8.jpg\" alt=\"\" class=\"wp-image-1284\" srcset=\"https:\/\/albooms.fr\/wp-content\/uploads\/2024\/07\/Image8.jpg 713w, https:\/\/albooms.fr\/wp-content\/uploads\/2024\/07\/Image8-300x215.jpg 300w\" sizes=\"auto, (max-width: 713px) 100vw, 713px\" \/><figcaption class=\"wp-element-caption\">ICT IN education &#8211; 2000<\/figcaption><\/figure>\n<\/figure>\n\n\n\n<p>C&rsquo;est \u00e9galement int\u00e9ressant de voir qu&rsquo;au d\u00e9but du XXe si\u00e8cle, certaines \u00e9coles am\u00e9ricaines adopt\u00e8rent une autre mod\u00e8le que celui du point d&rsquo;attention conjointe pour le tableau noir en en \u00e9quipant tous les murs de la classe.<\/p>\n\n\n\n<figure class=\"wp-block-image aligncenter size-full is-resized\"><img loading=\"lazy\" decoding=\"async\" width=\"750\" height=\"547\" src=\"https:\/\/albooms.fr\/wp-content\/uploads\/2024\/07\/Vintage-school-classrooms-in-1899-14-750x547-1.webp\" alt=\"\" class=\"wp-image-1285\" style=\"width:750px;height:auto\" srcset=\"https:\/\/albooms.fr\/wp-content\/uploads\/2024\/07\/Vintage-school-classrooms-in-1899-14-750x547-1.webp 750w, https:\/\/albooms.fr\/wp-content\/uploads\/2024\/07\/Vintage-school-classrooms-in-1899-14-750x547-1-300x219.webp 300w\" sizes=\"auto, (max-width: 750px) 100vw, 750px\" \/><figcaption class=\"wp-element-caption\"><mark style=\"background-color:rgba(0, 0, 0, 0)\" class=\"has-inline-color has-custom-couleur-1-color\">School children conducting simple experiments, Washington, DC, 1899<\/mark><\/figcaption><\/figure>\n\n\n\n<p>Apr\u00e8s ce rapide historique de l&rsquo;impact du tableau noir sur la classe, nous allons revenir \u00e0 <em>The rationale of discipline as exemplified in the High school <\/em> pour en extraire quelques morceaux choisis. <\/p>\n\n\n\n<h5 class=\"wp-block-heading\">James PILLANS, p\u00e8re des techno-enthousiastes<\/h5>\n\n\n\n<p>J&rsquo;ai d\u00e9j\u00e0 dit ici ma prudence envers les discours trop laudatifs \u00e0 l&rsquo;endroit du \u00ab\u00a0num\u00e9rique\u00a0\u00bb (<a href=\"https:\/\/albooms.fr\/?p=842\" data-type=\"link\" data-id=\"https:\/\/albooms.fr\/?p=842\">voir ici<\/a>). Le moins que l&rsquo;on puisse dire, c&rsquo;est que PILLANS est sans doute un des pionniers de cette technolatrie, puisque son point de vue est d\u00e9j\u00e0 bicentenaire.<\/p>\n\n\n\n<p>Tout d&rsquo;abord, il faut reconnaitre que PILLANS a une vision particuli\u00e8rement moderne de l&rsquo;\u00e9ducation, puisqu&rsquo;avant l&rsquo;heure, il revendique que l&rsquo;\u00e9cole doit viser les motivations intrins\u00e8ques:<\/p>\n\n\n\n<blockquote class=\"wp-block-quote is-layout-flow wp-block-quote-is-layout-flow\">\n<p><em>In a thoroughly well conducted classical school \u2014 &lsquo;that faultless monster which the world ne&rsquo;er saw&rsquo; \u2014 there would be motive and stimulus enough, without either dread of punishment, or prospect of material reward.<\/em><\/p>\n\n\n\n<p>Dans une \u00e9cole classique bien dirig\u00e9e \u2013 \u00ab ce monstre parfait que le monde n\u2019a jamais vu \u00bb \u2013 il y aurait suffisamment de motivation et de stimulation, sans crainte de punition ni perspective de r\u00e9compense mat\u00e9rielle.<\/p>\n<cite>(p. 144)<\/cite><\/blockquote>\n\n\n\n<p>Mais, il n&rsquo;\u00e9chappe pas au syndrome innovationniste, puisque la nouveaut\u00e9 de l&rsquo;artefact suffit, en elle-m\u00eame, \u00e0 engendrer de la motivation (extrins\u00e8que, donc).<\/p>\n\n\n\n<blockquote class=\"wp-block-quote is-layout-flow wp-block-quote-is-layout-flow\">\n<p><em>The very novelty of all looking on one board, instead of each on his own book, had its effect in sustaining attention<\/em><\/p>\n\n\n\n<p>La nouveaut\u00e9 m\u00eame de regarder tous sur un tableau, au lieu de regarder chacun sur son propre livre, a eu pour effet de maintenir l&rsquo;attention.<\/p>\n<cite>(p. 94)<\/cite><\/blockquote>\n\n\n\n<p>D&rsquo;ailleurs, le tableau noir est si captivant que les \u00e9l\u00e8ves en redemandent.<\/p>\n\n\n\n<blockquote class=\"wp-block-quote is-layout-flow wp-block-quote-is-layout-flow\">\n<p><em>So captivating was the instruction conveyed in this shape, that boys often petitioned for leave to remain in the school-room during play-hours ; some for the sport of examining one another on the skeleton map, others to practise the art of making chalk outlines on a black board<\/em><\/p>\n\n\n\n<p>L&rsquo;enseignement transmis sous cette forme \u00e9tait si captivant que les gar\u00e7ons demandaient souvent \u00e0 revenir dans la salle de classe pendant les heures de jeu ; certains pour le plaisir de s&rsquo;examiner les uns les autres sur la carte squelette, d&rsquo;autres pour pratiquer l&rsquo;art de tracer des contours \u00e0 la craie sur un tableau noir.<\/p>\n<cite>(p. 118)<\/cite><\/blockquote>\n\n\n\n<p>Il fait ensuite un certain nombre de constats qui feraient p\u00e2lir de jalousie les promoteurs de l&rsquo;EdTech moderne. En effet, le recours au tableau noir permet une meilleure implication des \u00e9l\u00e8ves, m\u00eame les moins performants:<\/p>\n\n\n\n<blockquote class=\"wp-block-quote is-layout-flow wp-block-quote-is-layout-flow\">\n<p>Nor was this all ; boys \u2014 often from the lowest benches in the class \u2014 accepted the invitation to construct skeleton-maps of their own in imitation of those on the board ; and they arrived by practice at a surprising degree of accuracy and neatness of execution. The best of these performances were fitted upon pasteboard, and hung round the room&#8230;<\/p>\n\n\n\n<p>Et ce n\u2019\u00e9tait pas tout, les gar\u00e7ons  \u2014 souvent ceux qui \u00e9taient assis au fond de la classe \u2014  ont accept\u00e9 de r\u00e9aliser des fonds de cartes pour imiter ceux du tableau et sont arriv\u00e9s par la pratique \u00e0 un degr\u00e9 surprenant de finesse et d\u2019ex\u00e9cution. Les meilleures performances \u00e9taient mont\u00e9es sur du carton et accroch\u00e9es dans la classe&#8230;<\/p>\n<cite>(p. 118)<\/cite><\/blockquote>\n\n\n\n<p>Sans oublier que l&rsquo;usage du tableau noir favorise concentration et motivation. <\/p>\n\n\n\n<blockquote class=\"wp-block-quote is-layout-flow wp-block-quote-is-layout-flow\">\n<p><em>Though I was sanguine enough in my anticipations of good from this new mode of teaching Geography, yet the actual results far exceeded my expectation. Not only were the finer spirits of the class attracted, but many boys who, from indifferent previous instruction, had conceived a rooted aversion to Latin and Greek, sprang forward with alacrity in this new career, and shewed, by their attitude and eye, a degree of attention and interest which I had in vain attempted to excite in them when the other lessons were in hand. Every particle of information I had given concerning any locality, every anecdote I had told, was forthcoming the moment the board was exhibited and the pointer on the spot ; even the illustrations quoted from the Latin classics or our own poets, were hunted out and committed to memory. <\/em><\/p>\n\n\n\n<p>M\u00eame si j&rsquo;\u00e9tais assez optimiste dans mes attentes quant aux bienfaits de ce nouveau mode d&rsquo;enseignement de la g\u00e9ographie, les r\u00e9sultats r\u00e9els d\u00e9pass\u00e8rent de loin mes attentes. Non seulement les meilleurs esprits de la classe furent attir\u00e9s, mais de nombreux gar\u00e7ons qui, \u00e0 la suite d&rsquo;un enseignement ant\u00e9rieur quelconque, avaient con\u00e7u une aversion enracin\u00e9e pour le latin et le grec, se pr\u00e9cipit\u00e8rent avec empressement dans ce nouveau parcours et montr\u00e8rent, par leur attitude et leur regard, un degr\u00e9 d&rsquo;attention et d&rsquo;int\u00e9r\u00eat que j&rsquo;avais vainement tent\u00e9 de leur susciter lors des autres le\u00e7ons. Chaque parcelle d&rsquo;information que j&rsquo;avais donn\u00e9e concernant une localit\u00e9, chaque anecdote que j&rsquo;avais racont\u00e9e apparaissait au moment o\u00f9 le panneau \u00e9tait expos\u00e9 et le pointeur en place ; m\u00eame les illustrations cit\u00e9es dans les classiques latins ou par nos propres po\u00e8tes \u00e9taient recherch\u00e9es et m\u00e9moris\u00e9es.<\/p>\n<cite>(p.117-118)<\/cite><\/blockquote>\n\n\n\n<p>Et pour finir, la ludification des apprentissages&#8230;<\/p>\n\n\n\n<blockquote class=\"wp-block-quote is-layout-flow wp-block-quote-is-layout-flow\">\n<p><em>Each coloured line was the symbol of three words, differing according to the Voice examined on ; and one boy at the board pointing with a rod, while another and another in different parts of the class were called to answer, formed not only a searching, but an amusing mode of examination.<\/em><\/p>\n\n\n\n<p>Chaque ligne color\u00e9e \u00e9tait le symbole de trois mots, diff\u00e9rents selon la Voix examin\u00e9e ; et un gar\u00e7on au tableau pointant avec une tige, tandis qu&rsquo;un autre et un autre dans diff\u00e9rentes parties de la classe \u00e9taient appel\u00e9s \u00e0 r\u00e9pondre, formaient non seulement un mode d&rsquo;examen approfondi, mais amusant.<\/p>\n<cite>(p. 103)<\/cite><\/blockquote>\n\n\n\n<h5 class=\"wp-block-heading\">Pour ouvrir le d\u00e9bat<\/h5>\n\n\n\n<p>Loin de moi l&rsquo;id\u00e9e de jeter en p\u00e2ture James PILLANS, \u00e0 qui je conc\u00e8de volontiers une certaine bonne foi. La lecture de son ouvrage d\u00e9note \u00e9galement d&rsquo;une certaine volont\u00e9 d&rsquo;explorer les potentialit\u00e9s offertes par cet artefact nouveau, le tableau noir, au service des apprentissages de ses \u00e9l\u00e8ves. Il y relate des exp\u00e9riences de classes, partage ses doutes et explique comment il a d\u00e9ploy\u00e9 cet outil en classe. Bref, cet ouvrage est un recueil de partages de pratiques. \u00c0 ce titre, il n&rsquo;accuse pas r\u00e9ellement ses 200 ans. J&rsquo;utilise \u00e9galement les citations ci-dessus en formation en masquant les r\u00e9f\u00e9rences au tableau noir et les apprenants y calquent volontiers des techniques \u00e9ducatives modernes.<\/p>\n\n\n\n<p>Non, ce qui est int\u00e9ressant dans cet ouvrage, c&rsquo;est la tr\u00e8s grande stabilit\u00e9 des attentes des enseignants vis-\u00e0-vis des techniques \u00e9ducatives qui ont, finalement peu \u00e9volu\u00e9es depuis. Dans la mesure o\u00f9 PILLANS \u00e9tait un pionnier, on ne peut pas lui reprocher de reprendre le discours techno-enthousiaste. En revanche, reprendre le m\u00eame discours depuis toutes ces ann\u00e9es semble dire quelque chose du mythe techniciste \u00e9ducatif. Cela ne peut que nous amener \u00e0 r\u00e9fl\u00e9chir sur ce que peuvent r\u00e9ellement faire les techniques \u00e9ducatives, notamment celle s&rsquo;appuyant sur le \u00ab\u00a0num\u00e9rique\u00a0\u00bb, si nous cherchons les m\u00eames effets que ceux que PILLANS a pens\u00e9 voir, il y a d\u00e9j\u00e0 longtemps.<\/p>\n\n\n\n<h5 class=\"wp-block-heading\">Bien entendu, vous avez le droit de ne pas \u00eatre d\u2019accord!<\/h5>\n\n\n\n<h6 class=\"wp-block-heading\">Bibliographie<\/h6>\n\n\n\n<p>Pillans, J. (1852).<em> The rationale of discipline as exemplified in the High school of Edinburgh<\/em>.<\/p>\n","protected":false},"excerpt":{"rendered":"<p>Chaque formateur \u00ab\u00a0au num\u00e9rique\u00a0\u00bb devrait avoir consult\u00e9, au moins une fois, le livre de James PILLANS. Ce livre The rationale of discipline as exemplified in the High school of Edinburgh \u00e9crit en 1823 et paru en 1852 (disponible ici) montre, tout d&rsquo;abord, une des tr\u00e8s rares techniques \u00e9ducatives qui ont chang\u00e9 la fa\u00e7on de faire [&hellip;]<\/p>\n","protected":false},"author":1,"featured_media":0,"comment_status":"open","ping_status":"open","sticky":false,"template":"","format":"standard","meta":{"iawp_total_views":27,"footnotes":""},"categories":[1],"tags":[],"post_folder":[],"class_list":["post-1270","post","type-post","status-publish","format-standard","hentry","category-blog"],"_links":{"self":[{"href":"https:\/\/albooms.fr\/index.php?rest_route=\/wp\/v2\/posts\/1270","targetHints":{"allow":["GET"]}}],"collection":[{"href":"https:\/\/albooms.fr\/index.php?rest_route=\/wp\/v2\/posts"}],"about":[{"href":"https:\/\/albooms.fr\/index.php?rest_route=\/wp\/v2\/types\/post"}],"author":[{"embeddable":true,"href":"https:\/\/albooms.fr\/index.php?rest_route=\/wp\/v2\/users\/1"}],"replies":[{"embeddable":true,"href":"https:\/\/albooms.fr\/index.php?rest_route=%2Fwp%2Fv2%2Fcomments&post=1270"}],"version-history":[{"count":8,"href":"https:\/\/albooms.fr\/index.php?rest_route=\/wp\/v2\/posts\/1270\/revisions"}],"predecessor-version":[{"id":1296,"href":"https:\/\/albooms.fr\/index.php?rest_route=\/wp\/v2\/posts\/1270\/revisions\/1296"}],"wp:attachment":[{"href":"https:\/\/albooms.fr\/index.php?rest_route=%2Fwp%2Fv2%2Fmedia&parent=1270"}],"wp:term":[{"taxonomy":"category","embeddable":true,"href":"https:\/\/albooms.fr\/index.php?rest_route=%2Fwp%2Fv2%2Fcategories&post=1270"},{"taxonomy":"post_tag","embeddable":true,"href":"https:\/\/albooms.fr\/index.php?rest_route=%2Fwp%2Fv2%2Ftags&post=1270"},{"taxonomy":"post_folder","embeddable":true,"href":"https:\/\/albooms.fr\/index.php?rest_route=%2Fwp%2Fv2%2Fpost_folder&post=1270"}],"curies":[{"name":"wp","href":"https:\/\/api.w.org\/{rel}","templated":true}]}}